{"id":790,"date":"2026-04-23T12:49:22","date_gmt":"2026-04-23T12:49:22","guid":{"rendered":"https:\/\/www.sarisskahradnacesta.sk\/zaciatok-letnej-sezony-v-regione-saris-kam-vyrazit-za-top-zazitkami\/"},"modified":"2026-04-23T12:49:22","modified_gmt":"2026-04-23T12:49:22","slug":"zaciatok-letnej-sezony-v-regione-saris-kam-vyrazit-za-top-zazitkami","status":"publish","type":"post","link":"https:\/\/www.sarisskahradnacesta.sk\/en\/zaciatok-letnej-sezony-v-regione-saris-kam-vyrazit-za-top-zazitkami\/","title":{"rendered":"Za\u010diatok letnej sez\u00f3ny v regi\u00f3ne \u0160ari\u0161: Kam vyrazi\u0165 za top z\u00e1\u017eitkami?"},"content":{"rendered":"<p><a href=\"https:\/\/www.regionsaris.sk\/zaujimavosti\/?_sezony=leto\">Letn\u00e1 sez\u00f3na v regi\u00f3ne \u0160ari\u0161<\/a> \u0161tartuje u\u017e v m\u00e1ji a prin\u00e1\u0161a so sebou mno\u017estvo z\u00e1\u017eitkov pre <a href=\"https:\/\/www.regionsaris.sk\/prirodne-krasy-v-regione\/\">milovn\u00edkov pr\u00edrody<\/a>, <a href=\"https:\/\/www.regionsaris.sk\/historia-regionu\/\">hist\u00f3rie<\/a>, <a href=\"https:\/\/www.regionsaris.sk\/sporty-v-regione\/\">akt\u00edvneho oddychu<\/a> aj <a href=\"https:\/\/www.regionsaris.sk\/kultura-a-umenie-v-regione\/\">kult\u00farneho diania<\/a>. Prin\u00e1\u0161ame ti preh\u013ead toho najlep\u0161ieho, \u010do m\u00f4\u017ee\u0161 po\u010das nadch\u00e1dzaj\u00facich mesiacov objavi\u0165 - \u010di u\u017e pl\u00e1nuje\u0161 v\u00edkendov\u00fd v\u00fdlet alebo dlh\u0161iu dovolenku.<\/p>\n\n\n\n<h2 class=\"wp-block-heading\" id=\"h-turistika-v-cergove-a-slanskych-vrchoch\">Turistika v <a href=\"https:\/\/www.regionsaris.sk\/prirodne-krasy\/cergovsky-mincol\/\">\u010cergove<\/a> a <a href=\"https:\/\/www.slanskevrchy.com\">Slansk\u00fdch vrchoch<\/a><\/h2>\n\n\n\n<p>Ak \u0165a l\u00e1ka pr\u00edroda, regi\u00f3n \u0160ari\u0161 pon\u00faka ide\u00e1lne podmienky na turistiku. Pohorie\u00a0\u010cergov\u00a0je zn\u00e1me svojimi hlbok\u00fdmi lesmi, tich\u00fdmi hrebe\u0148mi a n\u00e1dhern\u00fdmi v\u00fdh\u013eadmi. V\u00fdstup na Min\u010dol \u010di prech\u00e1dzky v okol\u00ed obce Drienica a vrcholu Lys\u00e1 ti poskytn\u00fa dokonal\u00fd \u00fanik od ka\u017edodenn\u00e9ho ruchu.<\/p>\n\n\n\n<p>Na opa\u010dnej strane regi\u00f3nu sa nach\u00e1dzaj\u00fa\u00a0Slansk\u00e9 vrchy\u00a0- menej frekventovan\u00e9, no o to autentickej\u0161ie. \u010cakaj\u00fa tu na teba tajomn\u00e9 lesy, b\u00fdval\u00e9 ban\u00edcke lokality aj v\u00fdstup na najvy\u0161\u0161\u00ed vrchol Slansk\u00fdch vrchov  - \u0160imonku. <\/p>\n\n\n\n<p>Zat\u00falaj sa do pr\u00edrody \u0160ari\u0161a a neo\u013eutuje\u0161. Na\u010derp\u00e1\u0161 energiu a ur\u010dite spozn\u00e1\u0161 nov\u00e9, zauj\u00edmav\u00e9 a hlavne kr\u00e1sne miesta.<\/p>\n\n\n<div class=\"wp-block-image\">\n<figure class=\"aligncenter size-large\"><img decoding=\"async\" src=\"https:\/\/www.regionsaris.sk\/wp-content\/uploads\/2026\/04\/priroda-otvorenie-sezony-clanok-oocrrs-1024x429.jpg\" alt=\"\" class=\"wp-image-4417\"\/><\/figure>\n<\/div>\n\n\n<p><\/p>\n\n\n\n<h2 class=\"wp-block-heading\" id=\"h-hrady-sarisskej-hradnej-cesty-ozivaju\">Castles <a href=\"https:\/\/www.sarisskahradnacesta.sk\/en\/\">\u0160ari\u0161 Castle Road<\/a> o\u017e\u00edvaj\u00fa<\/h2>\n\n\n\n<p>Za\u010diatok letnej sez\u00f3ny tradi\u010dne patr\u00ed aj otv\u00e1raniu hradov a cel\u00fdch ich are\u00e1lov. V r\u00e1mci projektu\u00a0<a href=\"https:\/\/www.sarisskahradnacesta.sk\/en\/\">\u0160ari\u0161 Castle Road<\/a> odpor\u00fa\u010dame nav\u0161t\u00edvi\u0165 historick\u00e9 dominanty ako\u00a0<a href=\"https:\/\/www.regionsaris.sk\/historia\/hrad-saris\/\">\u0160ari\u0161 Castle<\/a>,\u00a0<a href=\"https:\/\/www.regionsaris.sk\/historia\/kapusiansky-hrad\/\">Hrad Kapu\u0161any<\/a>\u00a0\u010di\u00a0<a href=\"https:\/\/www.regionsaris.sk\/historia\/hrad-zborov\/\">Zborovsk\u00fd hrad<\/a> a mnoho \u010fal\u0161\u00edch. V\u0161etky o\u017e\u00edvaj\u00fa podujatiami, \u0161ermiarskymi vyst\u00fapeniami a tematick\u00fdmi prehliadkami. Je to ide\u00e1lny tip na rodinn\u00fd v\u00fdlet s d\u00e1vkou hist\u00f3rie. Navy\u0161e \u0165a chladn\u00e9 m\u00fary pr\u00edjemne schladia a poskytn\u00fa v\u00fdh\u013eady na \u0161irok\u00e9 okolie.<\/p>\n\n\n<div class=\"wp-block-image\">\n<figure class=\"aligncenter size-large\"><img decoding=\"async\" src=\"https:\/\/www.regionsaris.sk\/wp-content\/uploads\/2026\/04\/hrad-saris-shc-clanok-oocrrs-1024x576.jpg\" alt=\"\" class=\"wp-image-4423\"\/><\/figure>\n<\/div>\n\n\n<p><\/p>\n\n\n\n<h2 class=\"wp-block-heading\" id=\"h-regionom-saris-na-kolesach\">Regi\u00f3nom \u0160ari\u0161 na koles\u00e1ch<\/h2>\n\n\n\n<p>\u0160ari\u0161 je \u010doraz popul\u00e1rnej\u0161\u00ed aj medzi cyklistami. Mnoh\u00e9 obce s\u00fa posp\u00e1jan\u00e9 kr\u00ed\u017eom-kr\u00e1\u017eom pr\u00e1ve cyklistick\u00fdmi trasami, \u010do umo\u017e\u0148uje pozn\u00e1vanie regi\u00f3nu a \u0161portovanie z\u00e1rove\u0148. Medzi najob\u013e\u00fabenej\u0161ie trasy v na\u0161om regi\u00f3ne patr\u00ed:<\/p>\n\n\n\n<ul class=\"wp-block-list\">\n<li><strong>Cyklo\u017eelezni\u010dka<\/strong>\u00a0\u2013 unik\u00e1tna trasa ved\u00faca po b\u00fdvalej \u017eelezni\u010dnej trati smerom k n\u00e1dr\u017ei Sigord<\/li>\n\n\n\n<li><strong>EuroVelo 11<\/strong>\u00a0\u2013 jedna z najdlh\u0161\u00edch svetov\u00fdch cyklotr\u00e1s, ktor\u00e1 prech\u00e1dza cel\u00fdm regi\u00f3nom \u0160ari\u0161<\/li>\n\n\n\n<li><strong>\u0160ari\u0161sk\u00fd okruh<\/strong>\u00a0\u2013 vedie cez \u0160ari\u0161sk\u00fa vrchovinu a je ur\u010den\u00fd pre horsk\u00e9 a krosov\u00e9 bicykle<\/li>\n<\/ul>\n\n\n\n<p>\u010ci u\u017e si rekrea\u010dn\u00fd cyklista, kor\u010duliar alebo v\u00e1\u0161niv\u00fd \u0161portovec, n\u00e1jde\u0161 si u n\u00e1s trasu presne pre seba.<\/p>\n\n\n<div class=\"wp-block-image\">\n<figure class=\"aligncenter size-large\"><img decoding=\"async\" src=\"https:\/\/www.regionsaris.sk\/wp-content\/uploads\/2026\/04\/cyklovylety-clanok-oocrrs-768x1024.jpg\" alt=\"\" class=\"wp-image-4424\"\/><\/figure>\n<\/div>\n\n\n<p><\/p>\n\n\n\n<h2 class=\"wp-block-heading\" id=\"h-historicke-centra-miest-plne-zivota\">Historick\u00e9 centr\u00e1 miest pln\u00e9 \u017eivota<\/h2>\n\n\n\n<p>Letn\u00e1 sez\u00f3na je aj o atmosf\u00e9re miest. Nav\u0161t\u00edv historick\u00e9 centr\u00e1 miest ako\u00a0Pre\u0161ov,\u00a0Bardejov\u00a0(zap\u00edsan\u00fd v UNESCO),\u00a0Sabinov\u00a0\u010di\u00a0Lipany. Ka\u017ed\u00e9 z nich pon\u00faka jedine\u010dn\u00e9 \u010daro, architekt\u00faru a bohat\u00fd program.<\/p>\n\n\n\n<p>Te\u0161i\u0165 sa m\u00f4\u017ee\u0161 na:<\/p>\n\n\n\n<ul class=\"wp-block-list\">\n<li>tradi\u010dn\u00e9 jarmoky<\/li>\n\n\n\n<li>dni miest a obc\u00ed<\/li>\n\n\n\n<li>folkl\u00f3rne festivaly<\/li>\n\n\n\n<li>koncerty a komunitn\u00e9 podujatia<\/li>\n<\/ul>\n\n\n\n<p>Nezabudni sledova\u0165 n\u00e1\u0161 <a href=\"https:\/\/www.regionsaris.sk\/vsetky-podujatia\/\">zoznam podujat\u00ed<\/a>, kde v\u017edy n\u00e1jde\u0161 to najaktu\u00e1lnej\u0161ie z ka\u017ed\u00e9ho mesta a k\u00fata n\u00e1\u0161ho regi\u00f3nu.<\/p>\n\n\n<div class=\"wp-block-image\">\n<figure class=\"aligncenter size-large\"><img decoding=\"async\" src=\"https:\/\/www.regionsaris.sk\/wp-content\/uploads\/2026\/04\/historicke-centrum-clanok-oocrrs-1024x683.jpg\" alt=\"\" class=\"wp-image-4425\"\/><\/figure>\n<\/div>\n\n\n<p><\/p>\n\n\n\n<h2 class=\"wp-block-heading\" id=\"h-leto-plne-zazitkov\">Leto pln\u00e9 z\u00e1\u017eitkov<\/h2>\n\n\n\n<p>Regi\u00f3n \u0160ari\u0161 po\u010das leta doslova \u017eije. Ka\u017ed\u00fd v\u00edkend prin\u00e1\u0161a nov\u00e9 podujatia, ktor\u00e9 prep\u00e1jaj\u00fa trad\u00edcie s modernou kult\u00farou. \u010ci u\u017e ide o men\u0161ie obecn\u00e9 sl\u00e1vnosti alebo ve\u013ek\u00e9 festivaly, v\u017edy tu n\u00e1jde\u0161 autentick\u00fa atmosf\u00e9ru a pohostinnos\u0165 miestnych \u013eud\u00ed. Sleduj n\u00e1s na soci\u00e1lnych sie\u0165ach, nech ti ni\u010d neunikne. <\/p>\n\n\n\n<p><strong>A nezabudni, leto u n\u00e1s v regi\u00f3ne za\u010d\u00edna u\u017e 1. m\u00e1ja 2026!<\/strong><\/p>\n\n\n\n<p>Source: the Regional Tourism Organisation Regi\u00f3n \u0160ari\u0161<br>Photo source: the Regional Tourism Organisation Regi\u00f3n \u0160ari\u0161<\/p>\n\n\n\n<p><\/p>","protected":false},"excerpt":{"rendered":"<p>Letn\u00e1 sez\u00f3na v regi\u00f3ne \u0160ari\u0161 \u0161tartuje u\u017e v m\u00e1ji a prin\u00e1\u0161a so sebou mno\u017estvo z\u00e1\u017eitkov...<\/p>","protected":false},"author":0,"featured_media":791,"comment_status":"open","ping_status":"open","sticky":false,"template":"","format":"standard","meta":{"_acf_changed":false,"footnotes":""},"categories":[1],"tags":[],"lokalita":[],"class_list":["post-790","post","type-post","status-publish","format-standard","has-post-thumbnail","hentry","category-aktuality"],"acf":[],"yoast_head":"<!-- This site is optimized with the Yoast SEO Premium plugin v26.6 (Yoast SEO v27.0) - https:\/\/yoast.com\/product\/yoast-seo-premium-wordpress\/ -->\n<title>Za\u010diatok letnej sez\u00f3ny v regi\u00f3ne \u0160ari\u0161: Kam vyrazi\u0165 za top z\u00e1\u017eitkami? - \u0160ari\u0161sk\u00e1 hradn\u00e1 cesta<\/title>\n<meta name=\"robots\" content=\"index, follow, max-snippet:-1, max-image-preview:large, max-video-preview:-1\" \/>\n<link rel=\"canonical\" href=\"https:\/\/www.sarisskahradnacesta.sk\/en\/zaciatok-letnej-sezony-v-regione-saris-kam-vyrazit-za-top-zazitkami\/\" \/>\n<meta property=\"og:locale\" content=\"en_GB\" \/>\n<meta property=\"og:type\" content=\"article\" \/>\n<meta property=\"og:title\" content=\"Za\u010diatok letnej sez\u00f3ny v regi\u00f3ne \u0160ari\u0161: Kam vyrazi\u0165 za top z\u00e1\u017eitkami?\" \/>\n<meta property=\"og:description\" content=\"Letn\u00e1 sez\u00f3na v regi\u00f3ne \u0160ari\u0161 \u0161tartuje u\u017e v m\u00e1ji a prin\u00e1\u0161a so sebou mno\u017estvo z\u00e1\u017eitkov...\" \/>\n<meta property=\"og:url\" content=\"https:\/\/www.sarisskahradnacesta.sk\/en\/zaciatok-letnej-sezony-v-regione-saris-kam-vyrazit-za-top-zazitkami\/\" \/>\n<meta property=\"og:site_name\" content=\"\u0160ari\u0161sk\u00e1 hradn\u00e1 cesta\" \/>\n<meta property=\"article:published_time\" content=\"2026-04-23T12:49:22+00:00\" \/>\n<meta property=\"og:image\" content=\"https:\/\/www.sarisskahradnacesta.sk\/wp-content\/uploads\/2026\/04\/cyklovylety-clanok-oocrrs-scaled-1.jpg\" \/>\n\t<meta property=\"og:image:width\" content=\"1920\" \/>\n\t<meta property=\"og:image:height\" content=\"2560\" \/>\n\t<meta property=\"og:image:type\" content=\"image\/jpeg\" \/>\n<meta name=\"twitter:card\" content=\"summary_large_image\" \/>\n<meta name=\"twitter:label1\" content=\"Estimated reading time\" \/>\n\t<meta name=\"twitter:data1\" content=\"3 minutes\" \/>\n<script type=\"application\/ld+json\" class=\"yoast-schema-graph\">{\"@context\":\"https:\/\/schema.org\",\"@graph\":[{\"@type\":\"Article\",\"@id\":\"https:\/\/www.sarisskahradnacesta.sk\/zaciatok-letnej-sezony-v-regione-saris-kam-vyrazit-za-top-zazitkami\/#article\",\"isPartOf\":{\"@id\":\"https:\/\/www.sarisskahradnacesta.sk\/zaciatok-letnej-sezony-v-regione-saris-kam-vyrazit-za-top-zazitkami\/\"},\"author\":{\"name\":\"\",\"@id\":\"\"},\"headline\":\"Za\u010diatok letnej sez\u00f3ny v regi\u00f3ne \u0160ari\u0161: Kam vyrazi\u0165 za top z\u00e1\u017eitkami?\",\"datePublished\":\"2026-04-23T12:49:22+00:00\",\"mainEntityOfPage\":{\"@id\":\"https:\/\/www.sarisskahradnacesta.sk\/zaciatok-letnej-sezony-v-regione-saris-kam-vyrazit-za-top-zazitkami\/\"},\"wordCount\":628,\"commentCount\":0,\"image\":{\"@id\":\"https:\/\/www.sarisskahradnacesta.sk\/zaciatok-letnej-sezony-v-regione-saris-kam-vyrazit-za-top-zazitkami\/#primaryimage\"},\"thumbnailUrl\":\"https:\/\/www.sarisskahradnacesta.sk\/wp-content\/uploads\/2026\/04\/cyklovylety-clanok-oocrrs-scaled-1.jpg\",\"articleSection\":[\"Aktuality\"],\"inLanguage\":\"en-GB\",\"potentialAction\":[{\"@type\":\"CommentAction\",\"name\":\"Comment\",\"target\":[\"https:\/\/www.sarisskahradnacesta.sk\/zaciatok-letnej-sezony-v-regione-saris-kam-vyrazit-za-top-zazitkami\/#respond\"]}]},{\"@type\":\"WebPage\",\"@id\":\"https:\/\/www.sarisskahradnacesta.sk\/zaciatok-letnej-sezony-v-regione-saris-kam-vyrazit-za-top-zazitkami\/\",\"url\":\"https:\/\/www.sarisskahradnacesta.sk\/zaciatok-letnej-sezony-v-regione-saris-kam-vyrazit-za-top-zazitkami\/\",\"name\":\"Za\u010diatok letnej sez\u00f3ny v regi\u00f3ne \u0160ari\u0161: Kam vyrazi\u0165 za top z\u00e1\u017eitkami? - \u0160ari\u0161sk\u00e1 hradn\u00e1 cesta\",\"isPartOf\":{\"@id\":\"https:\/\/www.sarisskahradnacesta.sk\/#website\"},\"primaryImageOfPage\":{\"@id\":\"https:\/\/www.sarisskahradnacesta.sk\/zaciatok-letnej-sezony-v-regione-saris-kam-vyrazit-za-top-zazitkami\/#primaryimage\"},\"image\":{\"@id\":\"https:\/\/www.sarisskahradnacesta.sk\/zaciatok-letnej-sezony-v-regione-saris-kam-vyrazit-za-top-zazitkami\/#primaryimage\"},\"thumbnailUrl\":\"https:\/\/www.sarisskahradnacesta.sk\/wp-content\/uploads\/2026\/04\/cyklovylety-clanok-oocrrs-scaled-1.jpg\",\"datePublished\":\"2026-04-23T12:49:22+00:00\",\"author\":{\"@id\":\"\"},\"breadcrumb\":{\"@id\":\"https:\/\/www.sarisskahradnacesta.sk\/zaciatok-letnej-sezony-v-regione-saris-kam-vyrazit-za-top-zazitkami\/#breadcrumb\"},\"inLanguage\":\"en-GB\",\"potentialAction\":[{\"@type\":\"ReadAction\",\"target\":[\"https:\/\/www.sarisskahradnacesta.sk\/zaciatok-letnej-sezony-v-regione-saris-kam-vyrazit-za-top-zazitkami\/\"]}]},{\"@type\":\"ImageObject\",\"inLanguage\":\"en-GB\",\"@id\":\"https:\/\/www.sarisskahradnacesta.sk\/zaciatok-letnej-sezony-v-regione-saris-kam-vyrazit-za-top-zazitkami\/#primaryimage\",\"url\":\"https:\/\/www.sarisskahradnacesta.sk\/wp-content\/uploads\/2026\/04\/cyklovylety-clanok-oocrrs-scaled-1.jpg\",\"contentUrl\":\"https:\/\/www.sarisskahradnacesta.sk\/wp-content\/uploads\/2026\/04\/cyklovylety-clanok-oocrrs-scaled-1.jpg\",\"width\":1920,\"height\":2560},{\"@type\":\"BreadcrumbList\",\"@id\":\"https:\/\/www.sarisskahradnacesta.sk\/zaciatok-letnej-sezony-v-regione-saris-kam-vyrazit-za-top-zazitkami\/#breadcrumb\",\"itemListElement\":[{\"@type\":\"ListItem\",\"position\":1,\"name\":\"Domovsk\u00e1 str\u00e1nka\",\"item\":\"https:\/\/www.sarisskahradnacesta.sk\/\"},{\"@type\":\"ListItem\",\"position\":2,\"name\":\"Za\u010diatok letnej sez\u00f3ny v regi\u00f3ne \u0160ari\u0161: Kam vyrazi\u0165 za top z\u00e1\u017eitkami?\"}]},{\"@type\":\"WebSite\",\"@id\":\"https:\/\/www.sarisskahradnacesta.sk\/#website\",\"url\":\"https:\/\/www.sarisskahradnacesta.sk\/\",\"name\":\"\u0160ari\u0161sk\u00e1 hradn\u00e1 cesta\",\"description\":\"\u0160ari\u0161sk\u00e1 hradn\u00e1 cesta prep\u00e1ja jedine\u010dn\u00e9 hrady, zr\u00facaniny a historick\u00e9 miesta regi\u00f3nu \u0160ari\u0161 do jedn\u00e9ho ve\u013ek\u00e9ho pr\u00edbehu.\",\"potentialAction\":[{\"@type\":\"SearchAction\",\"target\":{\"@type\":\"EntryPoint\",\"urlTemplate\":\"https:\/\/www.sarisskahradnacesta.sk\/?s={search_term_string}\"},\"query-input\":{\"@type\":\"PropertyValueSpecification\",\"valueRequired\":true,\"valueName\":\"search_term_string\"}}],\"inLanguage\":\"en-GB\"}]}<\/script>\n<!-- \/ Yoast SEO Premium plugin. -->","yoast_head_json":{"title":"Za\u010diatok letnej sez\u00f3ny v regi\u00f3ne \u0160ari\u0161: Kam vyrazi\u0165 za top z\u00e1\u017eitkami? - \u0160ari\u0161sk\u00e1 hradn\u00e1 cesta","robots":{"index":"index","follow":"follow","max-snippet":"max-snippet:-1","max-image-preview":"max-image-preview:large","max-video-preview":"max-video-preview:-1"},"canonical":"https:\/\/www.sarisskahradnacesta.sk\/en\/zaciatok-letnej-sezony-v-regione-saris-kam-vyrazit-za-top-zazitkami\/","og_locale":"en_GB","og_type":"article","og_title":"Za\u010diatok letnej sez\u00f3ny v regi\u00f3ne \u0160ari\u0161: Kam vyrazi\u0165 za top z\u00e1\u017eitkami?","og_description":"Letn\u00e1 sez\u00f3na v regi\u00f3ne \u0160ari\u0161 \u0161tartuje u\u017e v m\u00e1ji a prin\u00e1\u0161a so sebou mno\u017estvo z\u00e1\u017eitkov...","og_url":"https:\/\/www.sarisskahradnacesta.sk\/en\/zaciatok-letnej-sezony-v-regione-saris-kam-vyrazit-za-top-zazitkami\/","og_site_name":"\u0160ari\u0161sk\u00e1 hradn\u00e1 cesta","article_published_time":"2026-04-23T12:49:22+00:00","og_image":[{"width":1920,"height":2560,"url":"https:\/\/www.sarisskahradnacesta.sk\/wp-content\/uploads\/2026\/04\/cyklovylety-clanok-oocrrs-scaled-1.jpg","type":"image\/jpeg"}],"twitter_card":"summary_large_image","twitter_misc":{"Estimated reading time":"3 minutes"},"schema":{"@context":"https:\/\/schema.org","@graph":[{"@type":"Article","@id":"https:\/\/www.sarisskahradnacesta.sk\/zaciatok-letnej-sezony-v-regione-saris-kam-vyrazit-za-top-zazitkami\/#article","isPartOf":{"@id":"https:\/\/www.sarisskahradnacesta.sk\/zaciatok-letnej-sezony-v-regione-saris-kam-vyrazit-za-top-zazitkami\/"},"author":{"name":"","@id":""},"headline":"Za\u010diatok letnej sez\u00f3ny v regi\u00f3ne \u0160ari\u0161: Kam vyrazi\u0165 za top z\u00e1\u017eitkami?","datePublished":"2026-04-23T12:49:22+00:00","mainEntityOfPage":{"@id":"https:\/\/www.sarisskahradnacesta.sk\/zaciatok-letnej-sezony-v-regione-saris-kam-vyrazit-za-top-zazitkami\/"},"wordCount":628,"commentCount":0,"image":{"@id":"https:\/\/www.sarisskahradnacesta.sk\/zaciatok-letnej-sezony-v-regione-saris-kam-vyrazit-za-top-zazitkami\/#primaryimage"},"thumbnailUrl":"https:\/\/www.sarisskahradnacesta.sk\/wp-content\/uploads\/2026\/04\/cyklovylety-clanok-oocrrs-scaled-1.jpg","articleSection":["Aktuality"],"inLanguage":"en-GB","potentialAction":[{"@type":"CommentAction","name":"Comment","target":["https:\/\/www.sarisskahradnacesta.sk\/zaciatok-letnej-sezony-v-regione-saris-kam-vyrazit-za-top-zazitkami\/#respond"]}]},{"@type":"WebPage","@id":"https:\/\/www.sarisskahradnacesta.sk\/zaciatok-letnej-sezony-v-regione-saris-kam-vyrazit-za-top-zazitkami\/","url":"https:\/\/www.sarisskahradnacesta.sk\/zaciatok-letnej-sezony-v-regione-saris-kam-vyrazit-za-top-zazitkami\/","name":"Za\u010diatok letnej sez\u00f3ny v regi\u00f3ne \u0160ari\u0161: Kam vyrazi\u0165 za top z\u00e1\u017eitkami? - \u0160ari\u0161sk\u00e1 hradn\u00e1 cesta","isPartOf":{"@id":"https:\/\/www.sarisskahradnacesta.sk\/#website"},"primaryImageOfPage":{"@id":"https:\/\/www.sarisskahradnacesta.sk\/zaciatok-letnej-sezony-v-regione-saris-kam-vyrazit-za-top-zazitkami\/#primaryimage"},"image":{"@id":"https:\/\/www.sarisskahradnacesta.sk\/zaciatok-letnej-sezony-v-regione-saris-kam-vyrazit-za-top-zazitkami\/#primaryimage"},"thumbnailUrl":"https:\/\/www.sarisskahradnacesta.sk\/wp-content\/uploads\/2026\/04\/cyklovylety-clanok-oocrrs-scaled-1.jpg","datePublished":"2026-04-23T12:49:22+00:00","author":{"@id":""},"breadcrumb":{"@id":"https:\/\/www.sarisskahradnacesta.sk\/zaciatok-letnej-sezony-v-regione-saris-kam-vyrazit-za-top-zazitkami\/#breadcrumb"},"inLanguage":"en-GB","potentialAction":[{"@type":"ReadAction","target":["https:\/\/www.sarisskahradnacesta.sk\/zaciatok-letnej-sezony-v-regione-saris-kam-vyrazit-za-top-zazitkami\/"]}]},{"@type":"ImageObject","inLanguage":"en-GB","@id":"https:\/\/www.sarisskahradnacesta.sk\/zaciatok-letnej-sezony-v-regione-saris-kam-vyrazit-za-top-zazitkami\/#primaryimage","url":"https:\/\/www.sarisskahradnacesta.sk\/wp-content\/uploads\/2026\/04\/cyklovylety-clanok-oocrrs-scaled-1.jpg","contentUrl":"https:\/\/www.sarisskahradnacesta.sk\/wp-content\/uploads\/2026\/04\/cyklovylety-clanok-oocrrs-scaled-1.jpg","width":1920,"height":2560},{"@type":"BreadcrumbList","@id":"https:\/\/www.sarisskahradnacesta.sk\/zaciatok-letnej-sezony-v-regione-saris-kam-vyrazit-za-top-zazitkami\/#breadcrumb","itemListElement":[{"@type":"ListItem","position":1,"name":"Domovsk\u00e1 str\u00e1nka","item":"https:\/\/www.sarisskahradnacesta.sk\/"},{"@type":"ListItem","position":2,"name":"Za\u010diatok letnej sez\u00f3ny v regi\u00f3ne \u0160ari\u0161: Kam vyrazi\u0165 za top z\u00e1\u017eitkami?"}]},{"@type":"WebSite","@id":"https:\/\/www.sarisskahradnacesta.sk\/#website","url":"https:\/\/www.sarisskahradnacesta.sk\/","name":"\u0160ari\u0161 Castle Route","description":"The \u0160ari\u0161 Castle Route connects the unique castles, ruins and historical places of the \u0160ari\u0161 region into one big story.","potentialAction":[{"@type":"SearchAction","target":{"@type":"EntryPoint","urlTemplate":"https:\/\/www.sarisskahradnacesta.sk\/?s={search_term_string}"},"query-input":{"@type":"PropertyValueSpecification","valueRequired":true,"valueName":"search_term_string"}}],"inLanguage":"en-GB"}]}},"_links":{"self":[{"href":"https:\/\/www.sarisskahradnacesta.sk\/en\/wp-json\/wp\/v2\/posts\/790","targetHints":{"allow":["GET"]}}],"collection":[{"href":"https:\/\/www.sarisskahradnacesta.sk\/en\/wp-json\/wp\/v2\/posts"}],"about":[{"href":"https:\/\/www.sarisskahradnacesta.sk\/en\/wp-json\/wp\/v2\/types\/post"}],"replies":[{"embeddable":true,"href":"https:\/\/www.sarisskahradnacesta.sk\/en\/wp-json\/wp\/v2\/comments?post=790"}],"version-history":[{"count":0,"href":"https:\/\/www.sarisskahradnacesta.sk\/en\/wp-json\/wp\/v2\/posts\/790\/revisions"}],"wp:featuredmedia":[{"embeddable":true,"href":"https:\/\/www.sarisskahradnacesta.sk\/en\/wp-json\/wp\/v2\/media\/791"}],"wp:attachment":[{"href":"https:\/\/www.sarisskahradnacesta.sk\/en\/wp-json\/wp\/v2\/media?parent=790"}],"wp:term":[{"taxonomy":"category","embeddable":true,"href":"https:\/\/www.sarisskahradnacesta.sk\/en\/wp-json\/wp\/v2\/categories?post=790"},{"taxonomy":"post_tag","embeddable":true,"href":"https:\/\/www.sarisskahradnacesta.sk\/en\/wp-json\/wp\/v2\/tags?post=790"},{"taxonomy":"lokalita","embeddable":true,"href":"https:\/\/www.sarisskahradnacesta.sk\/en\/wp-json\/wp\/v2\/lokalita?post=790"}],"curies":[{"name":"wp","href":"https:\/\/api.w.org\/{rel}","templated":true}]}}